{"id":6844,"date":"2026-09-03T08:51:45","date_gmt":"2026-09-03T08:51:45","guid":{"rendered":"https:\/\/designterrae.it\/?p=6844"},"modified":"2026-09-03T08:51:45","modified_gmt":"2026-09-03T08:51:45","slug":"jeppe-un-terreno-fertile-per-i-giovani-delle-marche","status":"publish","type":"post","link":"https:\/\/designterrae.it\/en\/jeppe-un-terreno-fertile-per-i-giovani-delle-marche\/","title":{"rendered":"Jeppe: un terreno fertile per i giovani delle Marche"},"content":{"rendered":"<p dir=\"ltr\"><em>A San Severino Marche nasce un progetto che trasforma 11 ettari di campagna in un laboratorio di comunit\u00e0, educazione e nuove opportunit\u00e0<\/em><\/p>\n<p dir=\"ltr\">Nella provincia di Macerata, ha preso forma un progetto fatto di persone e visione di futuro. Si chiama <strong>JEPPE<\/strong> ed \u00e8 il risultato di oltre dieci mesi di lavoro condiviso tra <strong>ESSERCI scs<\/strong> e la <strong>Fondazione Design Terrae<\/strong>, sviluppato in dialogo con il territorio di San Severino e Tolentino e con numerosi interlocutori istituzionali e del terzo settore delle Marche.<\/p>\n<h2 dir=\"ltr\">Un nome che viene dalla terra<\/h2>\n<p dir=\"ltr\">Il nome del progetto nasce dal dialetto maceratese: le <em>&#8220;jeppe&#8221;<\/em> sono le zolle di terreno arato, pronte ad accogliere un nuovo raccolto. Un&#8217;immagine perfetta per descrivere l&#8217;ambizione dell&#8217;iniziativa, che si sviluppa sugli 11 ettari del fondo agricolo che circonda una country house a San Severino Marche: dar vita a un luogo fertile di relazioni, capace di far radicare e fiorire una comunit\u00e0 accogliente e inclusiva.<\/p>\n<h2 dir=\"ltr\"><img fetchpriority=\"high\" decoding=\"async\" class=\"alignnone size-full wp-image-6845\" src=\"https:\/\/designterrae.it\/wp-content\/uploads\/2026\/09\/Jeppe1.jpg\" alt=\"\" width=\"1024\" height=\"768\" srcset=\"https:\/\/designterrae.it\/wp-content\/uploads\/2026\/09\/Jeppe1.jpg 1024w, https:\/\/designterrae.it\/wp-content\/uploads\/2026\/09\/Jeppe1-300x225.jpg 300w, https:\/\/designterrae.it\/wp-content\/uploads\/2026\/09\/Jeppe1-768x576.jpg 768w\" sizes=\"(max-width: 1024px) 100vw, 1024px\" \/><\/h2>\n<h2 dir=\"ltr\">Perch\u00e9 nasce JEPPE<\/h2>\n<p dir=\"ltr\">Il progetto cerca di rispondere a bisogni molto concreti del territorio. Nella provincia di Macerata il tasso di abbandono scolastico si aggira intorno al 12%, con punte pi\u00f9 alte tra i 13 e i 17 anni, mentre nelle Marche la quota di giovani NEET ha superato il 18% (dati ISTAT 2022). A questo si sommano povert\u00e0 educativa, fragilit\u00e0 relazionali e uno spopolamento delle aree interne che colpisce soprattutto i giovani, spinti verso la costa in cerca di lavoro. Il terremoto del 2016 e la pandemia hanno poi lasciato ferite ancora aperte nel tessuto sociale, indebolendo la fiducia e la capacit\u00e0 di immaginare il futuro.<\/p>\n<p dir=\"ltr\">Da qui l&#8217;urgenza di spazi educativi stabili e inclusivi, capaci di sostenere davvero la crescita personale, creativa e professionale delle nuove generazioni.<\/p>\n<h2 dir=\"ltr\">La visione: creativit\u00e0, bellezza, impatto, benessere<\/h2>\n<p dir=\"ltr\">JEPPE non vuole essere un luogo di &#8220;cura&#8221; o assistenza, ma un ecosistema educativo aperto e generativo, dove ogni persona \u2014 senza etichette o categorizzazioni \u2014 pu\u00f2 crescere insieme agli altri. Un&#8217;idea che richiama la lezione di Danilo Dolci: <em>&#8220;si cresce solo se si \u00e8 insieme&#8221;<\/em>. La campagna diventa cos\u00ec un laboratorio permanente di sostenibilit\u00e0, dove i ragazzi sperimentano concretamente i principi della transizione ecologica e costruiscono un rapporto autentico con la natura.<\/p>\n<p dir=\"ltr\">Il progetto si racconta anche attraverso un&#8217;immagine suggestiva: quella dei <strong>cacciatori di fulmini<\/strong>. Nei territori interni rischiano di disperdersi energie preziose \u2014 talenti nascosti, idee inattese, passioni sopite. JEPPE vuole essere il radar capace di intercettare questi &#8220;fulmini&#8221; e i canali per farne fluire la forza verso esiti positivi: percorsi educativi, imprese giovanili, esperienze di turismo sostenibile, nuove reti territoriali. In questa visione, adolescenti e giovani sono i cacciatori del domani.<\/p>\n<h2 dir=\"ltr\">Quattro driver di sviluppo<\/h2>\n<p dir=\"ltr\">Il progetto si articola attorno a quattro assi strategici, pensati come piattaforme integrate e in dialogo tra loro:<\/p>\n<ul dir=\"ltr\">\n<li><strong>Educazione<\/strong> \u2014 percorsi di crescita, consapevolezza e autonomia personale e relazionale<\/li>\n<li><strong>Formazione<\/strong> \u2014 competenze tecnico-professionali e life skills per l&#8217;occupabilit\u00e0 e l&#8217;imprenditorialit\u00e0<\/li>\n<li><strong>Turismo sostenibile<\/strong> \u2014 esperienze esperienziali e responsabili, radicate nel territorio<\/li>\n<li><strong>Agricoltura sociale<\/strong> \u2014 spazi di apprendimento, inclusione e impresa sociale legati alla terra<\/li>\n<\/ul>\n<p dir=\"ltr\">\n<p dir=\"ltr\">Nei mesi di progettazione si \u00e8 costruita una rete che coinvolge gi\u00e0 decine di soggetti: dalla Regione Marche ai Comuni, dai servizi sociali alle scuole del territorio, da imprese storiche ad associazioni, cooperative e realt\u00e0 del terzo settore. Un segnale forte di quanto il territorio senta proprio questo progetto.<\/p>\n<p dir=\"ltr\">JEPPE aspira a diventare un vero hub territoriale per tutta la provincia di Macerata: un punto di riferimento capace di connettere reti educative, imprese sostenibili, amministrazioni locali e comunit\u00e0. Un progetto che parte dalla terra e dal sapere pratico per generare, come recita la sua stessa premessa, <em>impatto reale e sostenibile<\/em> \u2014 e per dare ai giovani delle aree interne marchigiane un motivo in pi\u00f9 per restare, crescere e costruire qui il proprio futuro.<\/p>\n<p dir=\"ltr\">\n<p dir=\"ltr\">Per saperne di pi\u00f9 sul progetto e rimanere aggiornato, visita il sito <strong><a href=\"https:\/\/jeppe.it\/\">www.jeppe.it<\/a><\/strong><\/p>\n","protected":false},"excerpt":{"rendered":"<p>A San Severino Marche nasce un progetto che trasforma 11 ettari di campagna in un laboratorio di comunit\u00e0, educazione e nuove opportunit\u00e0 Nella provincia di Macerata, ha preso forma un progetto fatto di persone e visione di futuro. Si chiama JEPPE ed \u00e8 il risultato di oltre dieci mesi di lavoro condiviso tra ESSERCI scs [&hellip;]<\/p>\n","protected":false},"author":2,"featured_media":6847,"comment_status":"closed","ping_status":"closed","sticky":false,"template":"","format":"standard","meta":{"_acf_changed":false,"footnotes":""},"categories":[75],"tags":[],"class_list":["post-6844","post","type-post","status-publish","format-standard","has-post-thumbnail","hentry","category-jeppe"],"acf":[],"yoast_head":"<!-- This site is optimized with the Yoast SEO plugin v27.7 - https:\/\/yoast.com\/product\/yoast-seo-wordpress\/ -->\n<title>Jeppe: un terreno fertile per i giovani delle Marche - Fondazione Design Terrae<\/title>\n<meta name=\"robots\" content=\"index, follow, max-snippet:-1, max-image-preview:large, max-video-preview:-1\" \/>\n<link rel=\"canonical\" href=\"https:\/\/designterrae.it\/en\/jeppe-un-terreno-fertile-per-i-giovani-delle-marche\/\" \/>\n<meta property=\"og:locale\" content=\"en_US\" \/>\n<meta property=\"og:type\" content=\"article\" \/>\n<meta property=\"og:title\" content=\"Jeppe: un terreno fertile per i giovani delle Marche - Fondazione Design Terrae\" \/>\n<meta property=\"og:description\" content=\"A San Severino Marche nasce un progetto che trasforma 11 ettari di campagna in un laboratorio di comunit\u00e0, educazione e nuove opportunit\u00e0 Nella provincia di Macerata, ha preso forma un progetto fatto di persone e visione di futuro. Si chiama JEPPE ed \u00e8 il risultato di oltre dieci mesi di lavoro condiviso tra ESSERCI scs [&hellip;]\" \/>\n<meta property=\"og:url\" content=\"https:\/\/designterrae.it\/en\/jeppe-un-terreno-fertile-per-i-giovani-delle-marche\/\" \/>\n<meta property=\"og:site_name\" content=\"Fondazione Design Terrae\" \/>\n<meta property=\"article:publisher\" content=\"https:\/\/www.facebook.com\/designterraeETS\" \/>\n<meta property=\"article:published_time\" content=\"2026-09-03T08:51:45+00:00\" \/>\n<meta property=\"og:image\" content=\"https:\/\/designterrae.it\/wp-content\/uploads\/2026\/09\/DSF0534-1024x683.jpeg\" \/>\n\t<meta property=\"og:image:width\" content=\"1024\" \/>\n\t<meta property=\"og:image:height\" content=\"683\" \/>\n\t<meta property=\"og:image:type\" content=\"image\/jpeg\" \/>\n<meta name=\"author\" content=\"Valentina Rossi\" \/>\n<meta name=\"twitter:card\" content=\"summary_large_image\" \/>\n<meta name=\"twitter:label1\" content=\"Written by\" \/>\n\t<meta name=\"twitter:data1\" content=\"Valentina Rossi\" \/>\n\t<meta name=\"twitter:label2\" content=\"Est. reading time\" \/>\n\t<meta name=\"twitter:data2\" content=\"4 minutes\" \/>\n<script type=\"application\/ld+json\" class=\"yoast-schema-graph\">{\"@context\":\"https:\\\/\\\/schema.org\",\"@graph\":[{\"@type\":\"Article\",\"@id\":\"https:\\\/\\\/designterrae.it\\\/en\\\/jeppe-un-terreno-fertile-per-i-giovani-delle-marche\\\/#article\",\"isPartOf\":{\"@id\":\"https:\\\/\\\/designterrae.it\\\/en\\\/jeppe-un-terreno-fertile-per-i-giovani-delle-marche\\\/\"},\"author\":{\"name\":\"Valentina Rossi\",\"@id\":\"https:\\\/\\\/designterrae.it\\\/en\\\/#\\\/schema\\\/person\\\/0b5aef488b915f08f04b61211c41e704\"},\"headline\":\"Jeppe: un terreno fertile per i giovani delle Marche\",\"datePublished\":\"2026-09-03T08:51:45+00:00\",\"mainEntityOfPage\":{\"@id\":\"https:\\\/\\\/designterrae.it\\\/en\\\/jeppe-un-terreno-fertile-per-i-giovani-delle-marche\\\/\"},\"wordCount\":635,\"publisher\":{\"@id\":\"https:\\\/\\\/designterrae.it\\\/en\\\/#organization\"},\"image\":{\"@id\":\"https:\\\/\\\/designterrae.it\\\/en\\\/jeppe-un-terreno-fertile-per-i-giovani-delle-marche\\\/#primaryimage\"},\"thumbnailUrl\":\"https:\\\/\\\/designterrae.it\\\/wp-content\\\/uploads\\\/2026\\\/09\\\/DSF0534.jpeg\",\"articleSection\":[\"Jeppe\"],\"inLanguage\":\"en-US\"},{\"@type\":\"WebPage\",\"@id\":\"https:\\\/\\\/designterrae.it\\\/en\\\/jeppe-un-terreno-fertile-per-i-giovani-delle-marche\\\/\",\"url\":\"https:\\\/\\\/designterrae.it\\\/en\\\/jeppe-un-terreno-fertile-per-i-giovani-delle-marche\\\/\",\"name\":\"Jeppe: un terreno fertile per i giovani delle Marche - Fondazione Design Terrae\",\"isPartOf\":{\"@id\":\"https:\\\/\\\/designterrae.it\\\/en\\\/#website\"},\"primaryImageOfPage\":{\"@id\":\"https:\\\/\\\/designterrae.it\\\/en\\\/jeppe-un-terreno-fertile-per-i-giovani-delle-marche\\\/#primaryimage\"},\"image\":{\"@id\":\"https:\\\/\\\/designterrae.it\\\/en\\\/jeppe-un-terreno-fertile-per-i-giovani-delle-marche\\\/#primaryimage\"},\"thumbnailUrl\":\"https:\\\/\\\/designterrae.it\\\/wp-content\\\/uploads\\\/2026\\\/09\\\/DSF0534.jpeg\",\"datePublished\":\"2026-09-03T08:51:45+00:00\",\"breadcrumb\":{\"@id\":\"https:\\\/\\\/designterrae.it\\\/en\\\/jeppe-un-terreno-fertile-per-i-giovani-delle-marche\\\/#breadcrumb\"},\"inLanguage\":\"en-US\",\"potentialAction\":[{\"@type\":\"ReadAction\",\"target\":[\"https:\\\/\\\/designterrae.it\\\/en\\\/jeppe-un-terreno-fertile-per-i-giovani-delle-marche\\\/\"]}]},{\"@type\":\"ImageObject\",\"inLanguage\":\"en-US\",\"@id\":\"https:\\\/\\\/designterrae.it\\\/en\\\/jeppe-un-terreno-fertile-per-i-giovani-delle-marche\\\/#primaryimage\",\"url\":\"https:\\\/\\\/designterrae.it\\\/wp-content\\\/uploads\\\/2026\\\/09\\\/DSF0534.jpeg\",\"contentUrl\":\"https:\\\/\\\/designterrae.it\\\/wp-content\\\/uploads\\\/2026\\\/09\\\/DSF0534.jpeg\",\"width\":1776,\"height\":1184},{\"@type\":\"BreadcrumbList\",\"@id\":\"https:\\\/\\\/designterrae.it\\\/en\\\/jeppe-un-terreno-fertile-per-i-giovani-delle-marche\\\/#breadcrumb\",\"itemListElement\":[{\"@type\":\"ListItem\",\"position\":1,\"name\":\"Home\",\"item\":\"https:\\\/\\\/designterrae.it\\\/en\\\/home-page\\\/\"},{\"@type\":\"ListItem\",\"position\":2,\"name\":\"Jeppe: un terreno fertile per i giovani delle Marche\"}]},{\"@type\":\"WebSite\",\"@id\":\"https:\\\/\\\/designterrae.it\\\/en\\\/#website\",\"url\":\"https:\\\/\\\/designterrae.it\\\/en\\\/\",\"name\":\"Fondazione Design Terrae\",\"description\":\"Design Terrae \u00e8 una fondazione che valorizza il \u201cbello, buono e ben fatto\u201d e chi contribuisce a evolverli.\",\"publisher\":{\"@id\":\"https:\\\/\\\/designterrae.it\\\/en\\\/#organization\"},\"potentialAction\":[{\"@type\":\"SearchAction\",\"target\":{\"@type\":\"EntryPoint\",\"urlTemplate\":\"https:\\\/\\\/designterrae.it\\\/en\\\/?s={search_term_string}\"},\"query-input\":{\"@type\":\"PropertyValueSpecification\",\"valueRequired\":true,\"valueName\":\"search_term_string\"}}],\"inLanguage\":\"en-US\"},{\"@type\":\"Organization\",\"@id\":\"https:\\\/\\\/designterrae.it\\\/en\\\/#organization\",\"name\":\"Fondazione Design Terrae\",\"url\":\"https:\\\/\\\/designterrae.it\\\/en\\\/\",\"logo\":{\"@type\":\"ImageObject\",\"inLanguage\":\"en-US\",\"@id\":\"https:\\\/\\\/designterrae.it\\\/en\\\/#\\\/schema\\\/logo\\\/image\\\/\",\"url\":\"https:\\\/\\\/designterrae.it\\\/wp-content\\\/uploads\\\/2023\\\/03\\\/logo_minimal_design_terrae.svg\",\"contentUrl\":\"https:\\\/\\\/designterrae.it\\\/wp-content\\\/uploads\\\/2023\\\/03\\\/logo_minimal_design_terrae.svg\",\"width\":1,\"height\":1,\"caption\":\"Fondazione Design Terrae\"},\"image\":{\"@id\":\"https:\\\/\\\/designterrae.it\\\/en\\\/#\\\/schema\\\/logo\\\/image\\\/\"},\"sameAs\":[\"https:\\\/\\\/www.facebook.com\\\/designterraeETS\",\"https:\\\/\\\/www.instagram.com\\\/designterrae\\\/\"]},{\"@type\":\"Person\",\"@id\":\"https:\\\/\\\/designterrae.it\\\/en\\\/#\\\/schema\\\/person\\\/0b5aef488b915f08f04b61211c41e704\",\"name\":\"Valentina Rossi\",\"image\":{\"@type\":\"ImageObject\",\"inLanguage\":\"en-US\",\"@id\":\"https:\\\/\\\/secure.gravatar.com\\\/avatar\\\/9b81308e6ef8bf13853fc226c7897d1b3d3b62218df24eb9fb257fd3ee6c36a3?s=96&d=mm&r=g\",\"url\":\"https:\\\/\\\/secure.gravatar.com\\\/avatar\\\/9b81308e6ef8bf13853fc226c7897d1b3d3b62218df24eb9fb257fd3ee6c36a3?s=96&d=mm&r=g\",\"contentUrl\":\"https:\\\/\\\/secure.gravatar.com\\\/avatar\\\/9b81308e6ef8bf13853fc226c7897d1b3d3b62218df24eb9fb257fd3ee6c36a3?s=96&d=mm&r=g\",\"caption\":\"Valentina Rossi\"}}]}<\/script>\n<!-- \/ Yoast SEO plugin. -->","yoast_head_json":{"title":"Jeppe: un terreno fertile per i giovani delle Marche - Fondazione Design Terrae","robots":{"index":"index","follow":"follow","max-snippet":"max-snippet:-1","max-image-preview":"max-image-preview:large","max-video-preview":"max-video-preview:-1"},"canonical":"https:\/\/designterrae.it\/en\/jeppe-un-terreno-fertile-per-i-giovani-delle-marche\/","og_locale":"en_US","og_type":"article","og_title":"Jeppe: un terreno fertile per i giovani delle Marche - Fondazione Design Terrae","og_description":"A San Severino Marche nasce un progetto che trasforma 11 ettari di campagna in un laboratorio di comunit\u00e0, educazione e nuove opportunit\u00e0 Nella provincia di Macerata, ha preso forma un progetto fatto di persone e visione di futuro. Si chiama JEPPE ed \u00e8 il risultato di oltre dieci mesi di lavoro condiviso tra ESSERCI scs [&hellip;]","og_url":"https:\/\/designterrae.it\/en\/jeppe-un-terreno-fertile-per-i-giovani-delle-marche\/","og_site_name":"Fondazione Design Terrae","article_publisher":"https:\/\/www.facebook.com\/designterraeETS","article_published_time":"2026-09-03T08:51:45+00:00","og_image":[{"width":1024,"height":683,"url":"https:\/\/designterrae.it\/wp-content\/uploads\/2026\/09\/DSF0534-1024x683.jpeg","type":"image\/jpeg"}],"author":"Valentina Rossi","twitter_card":"summary_large_image","twitter_misc":{"Written by":"Valentina Rossi","Est. reading time":"4 minutes"},"schema":{"@context":"https:\/\/schema.org","@graph":[{"@type":"Article","@id":"https:\/\/designterrae.it\/en\/jeppe-un-terreno-fertile-per-i-giovani-delle-marche\/#article","isPartOf":{"@id":"https:\/\/designterrae.it\/en\/jeppe-un-terreno-fertile-per-i-giovani-delle-marche\/"},"author":{"name":"Valentina Rossi","@id":"https:\/\/designterrae.it\/en\/#\/schema\/person\/0b5aef488b915f08f04b61211c41e704"},"headline":"Jeppe: un terreno fertile per i giovani delle Marche","datePublished":"2026-09-03T08:51:45+00:00","mainEntityOfPage":{"@id":"https:\/\/designterrae.it\/en\/jeppe-un-terreno-fertile-per-i-giovani-delle-marche\/"},"wordCount":635,"publisher":{"@id":"https:\/\/designterrae.it\/en\/#organization"},"image":{"@id":"https:\/\/designterrae.it\/en\/jeppe-un-terreno-fertile-per-i-giovani-delle-marche\/#primaryimage"},"thumbnailUrl":"https:\/\/designterrae.it\/wp-content\/uploads\/2026\/09\/DSF0534.jpeg","articleSection":["Jeppe"],"inLanguage":"en-US"},{"@type":"WebPage","@id":"https:\/\/designterrae.it\/en\/jeppe-un-terreno-fertile-per-i-giovani-delle-marche\/","url":"https:\/\/designterrae.it\/en\/jeppe-un-terreno-fertile-per-i-giovani-delle-marche\/","name":"Jeppe: un terreno fertile per i giovani delle Marche - Fondazione Design Terrae","isPartOf":{"@id":"https:\/\/designterrae.it\/en\/#website"},"primaryImageOfPage":{"@id":"https:\/\/designterrae.it\/en\/jeppe-un-terreno-fertile-per-i-giovani-delle-marche\/#primaryimage"},"image":{"@id":"https:\/\/designterrae.it\/en\/jeppe-un-terreno-fertile-per-i-giovani-delle-marche\/#primaryimage"},"thumbnailUrl":"https:\/\/designterrae.it\/wp-content\/uploads\/2026\/09\/DSF0534.jpeg","datePublished":"2026-09-03T08:51:45+00:00","breadcrumb":{"@id":"https:\/\/designterrae.it\/en\/jeppe-un-terreno-fertile-per-i-giovani-delle-marche\/#breadcrumb"},"inLanguage":"en-US","potentialAction":[{"@type":"ReadAction","target":["https:\/\/designterrae.it\/en\/jeppe-un-terreno-fertile-per-i-giovani-delle-marche\/"]}]},{"@type":"ImageObject","inLanguage":"en-US","@id":"https:\/\/designterrae.it\/en\/jeppe-un-terreno-fertile-per-i-giovani-delle-marche\/#primaryimage","url":"https:\/\/designterrae.it\/wp-content\/uploads\/2026\/09\/DSF0534.jpeg","contentUrl":"https:\/\/designterrae.it\/wp-content\/uploads\/2026\/09\/DSF0534.jpeg","width":1776,"height":1184},{"@type":"BreadcrumbList","@id":"https:\/\/designterrae.it\/en\/jeppe-un-terreno-fertile-per-i-giovani-delle-marche\/#breadcrumb","itemListElement":[{"@type":"ListItem","position":1,"name":"Home","item":"https:\/\/designterrae.it\/en\/home-page\/"},{"@type":"ListItem","position":2,"name":"Jeppe: un terreno fertile per i giovani delle Marche"}]},{"@type":"WebSite","@id":"https:\/\/designterrae.it\/en\/#website","url":"https:\/\/designterrae.it\/en\/","name":"Fondazione Design Terrae","description":"Design Terrae \u00e8 una fondazione che valorizza il \u201cbello, buono e ben fatto\u201d e chi contribuisce a evolverli.","publisher":{"@id":"https:\/\/designterrae.it\/en\/#organization"},"potentialAction":[{"@type":"SearchAction","target":{"@type":"EntryPoint","urlTemplate":"https:\/\/designterrae.it\/en\/?s={search_term_string}"},"query-input":{"@type":"PropertyValueSpecification","valueRequired":true,"valueName":"search_term_string"}}],"inLanguage":"en-US"},{"@type":"Organization","@id":"https:\/\/designterrae.it\/en\/#organization","name":"Fondazione Design Terrae","url":"https:\/\/designterrae.it\/en\/","logo":{"@type":"ImageObject","inLanguage":"en-US","@id":"https:\/\/designterrae.it\/en\/#\/schema\/logo\/image\/","url":"https:\/\/designterrae.it\/wp-content\/uploads\/2023\/03\/logo_minimal_design_terrae.svg","contentUrl":"https:\/\/designterrae.it\/wp-content\/uploads\/2023\/03\/logo_minimal_design_terrae.svg","width":1,"height":1,"caption":"Fondazione Design Terrae"},"image":{"@id":"https:\/\/designterrae.it\/en\/#\/schema\/logo\/image\/"},"sameAs":["https:\/\/www.facebook.com\/designterraeETS","https:\/\/www.instagram.com\/designterrae\/"]},{"@type":"Person","@id":"https:\/\/designterrae.it\/en\/#\/schema\/person\/0b5aef488b915f08f04b61211c41e704","name":"Valentina Rossi","image":{"@type":"ImageObject","inLanguage":"en-US","@id":"https:\/\/secure.gravatar.com\/avatar\/9b81308e6ef8bf13853fc226c7897d1b3d3b62218df24eb9fb257fd3ee6c36a3?s=96&d=mm&r=g","url":"https:\/\/secure.gravatar.com\/avatar\/9b81308e6ef8bf13853fc226c7897d1b3d3b62218df24eb9fb257fd3ee6c36a3?s=96&d=mm&r=g","contentUrl":"https:\/\/secure.gravatar.com\/avatar\/9b81308e6ef8bf13853fc226c7897d1b3d3b62218df24eb9fb257fd3ee6c36a3?s=96&d=mm&r=g","caption":"Valentina Rossi"}}]}},"_links":{"self":[{"href":"https:\/\/designterrae.it\/en\/wp-json\/wp\/v2\/posts\/6844","targetHints":{"allow":["GET"]}}],"collection":[{"href":"https:\/\/designterrae.it\/en\/wp-json\/wp\/v2\/posts"}],"about":[{"href":"https:\/\/designterrae.it\/en\/wp-json\/wp\/v2\/types\/post"}],"author":[{"embeddable":true,"href":"https:\/\/designterrae.it\/en\/wp-json\/wp\/v2\/users\/2"}],"replies":[{"embeddable":true,"href":"https:\/\/designterrae.it\/en\/wp-json\/wp\/v2\/comments?post=6844"}],"version-history":[{"count":1,"href":"https:\/\/designterrae.it\/en\/wp-json\/wp\/v2\/posts\/6844\/revisions"}],"predecessor-version":[{"id":6849,"href":"https:\/\/designterrae.it\/en\/wp-json\/wp\/v2\/posts\/6844\/revisions\/6849"}],"wp:featuredmedia":[{"embeddable":true,"href":"https:\/\/designterrae.it\/en\/wp-json\/wp\/v2\/media\/6847"}],"wp:attachment":[{"href":"https:\/\/designterrae.it\/en\/wp-json\/wp\/v2\/media?parent=6844"}],"wp:term":[{"taxonomy":"category","embeddable":true,"href":"https:\/\/designterrae.it\/en\/wp-json\/wp\/v2\/categories?post=6844"},{"taxonomy":"post_tag","embeddable":true,"href":"https:\/\/designterrae.it\/en\/wp-json\/wp\/v2\/tags?post=6844"}],"curies":[{"name":"wp","href":"https:\/\/api.w.org\/{rel}","templated":true}]}}